{"id":30712,"date":"2021-07-12T13:05:50","date_gmt":"2021-07-12T09:05:50","guid":{"rendered":"https:\/\/futurearmenian.com\/news\/aram-bekchians-interview-to-armenia-tv-july-12-2021-in-armenian\/"},"modified":"2021-07-27T08:51:33","modified_gmt":"2021-07-27T04:51:33","slug":"aram-bekchians-interview-to-armenia-tv-july-12-2021-in-armenian","status":"publish","type":"news-item","link":"https:\/\/futurearmenian.com\/fr\/news\/aram-bekchians-interview-to-armenia-tv-july-12-2021-in-armenian\/","title":{"rendered":"Interview d&rsquo;Aram Bekchian \u00e0 Armenia TV. 12 juillet 2021 (en arm\u00e9nien)"},"content":{"rendered":"<p>L&rsquo;interview du co-initiateur du FUTUR ARM\u00c9NIEN, Aram Bekchyan, \u00e0 Armenia TV sur l\u2019Initiative FUTUR ARM\u00c9NIEN. L&rsquo;interview est disponible en langue arm\u00e9nienne.<\/p>\n<div class=\"youtubewrapper\"><iframe loading=\"lazy\" title=\"\u00ab\u0531\u057a\u0561\u0563\u0561 \u0540\u0561\u0575\u056f\u0561\u056f\u0561\u0576\u0568\u00bb\u2024 \u054e\u0565\u0580\u0561\u056f\u0561\u0566\u0574\u0561\u057e\u0578\u0580\u057e\u0565\u056c\u0578\u0582 \u0570\u0561\u0574\u0561\u0580 \u057a\u0565\u057f\u0584 \u0567 \u0574\u056b\u0561\u057e\u0578\u0580\u057e\u0565\u056c \u0578\u0582 \u0570\u0561\u0574\u0561\u057f\u0565\u0572\u0565\u056c \u0562\u0578\u056c\u0578\u0580\u056b \u057b\u0561\u0576\u0584\u0565\u0580\u0568\" width=\"500\" height=\"281\" src=\"https:\/\/www.youtube.com\/embed\/3_1l3vt1LPM?feature=oembed\" frameborder=\"0\" allow=\"accelerometer; autoplay; clipboard-write; encrypted-media; gyroscope; picture-in-picture; web-share\" referrerpolicy=\"strict-origin-when-cross-origin\" allowfullscreen><\/iframe><\/div>\n","protected":false},"excerpt":{"rendered":"<p>L&rsquo;interview du co-initiateur du FUTUR ARM\u00c9NIEN, Aram Bekchyan, \u00e0 Armenia TV sur l\u2019Initiative FUTUR ARM\u00c9NIEN. L&rsquo;interview est disponible en langue arm\u00e9nienne.<\/p>\n","protected":false},"featured_media":30713,"template":"","categories":[115],"class_list":["post-30712","news-item","type-news-item","status-publish","has-post-thumbnail","hentry","category-generale"],"acf":{"convention_related":false,"redirect_to_event_url":"","date":"20210712","videos":null,"photos":null},"fimg_url":"https:\/\/futurearmenian.com\/wp-content\/uploads\/2021\/07\/Aram-Bekchian.jpg","_links":{"self":[{"href":"https:\/\/futurearmenian.com\/fr\/wp-json\/wp\/v2\/news\/30712","targetHints":{"allow":["GET"]}}],"collection":[{"href":"https:\/\/futurearmenian.com\/fr\/wp-json\/wp\/v2\/news"}],"about":[{"href":"https:\/\/futurearmenian.com\/fr\/wp-json\/wp\/v2\/types\/news-item"}],"wp:featuredmedia":[{"embeddable":true,"href":"https:\/\/futurearmenian.com\/fr\/wp-json\/wp\/v2\/media\/30713"}],"wp:attachment":[{"href":"https:\/\/futurearmenian.com\/fr\/wp-json\/wp\/v2\/media?parent=30712"}],"wp:term":[{"taxonomy":"category","embeddable":true,"href":"https:\/\/futurearmenian.com\/fr\/wp-json\/wp\/v2\/categories?post=30712"}],"curies":[{"name":"wp","href":"https:\/\/api.w.org\/{rel}","templated":true}]}}