{"id":36556,"date":"2021-09-22T17:10:00","date_gmt":"2021-09-22T13:10:00","guid":{"rendered":"https:\/\/futurearmenian.com\/?post_type=news-item&#038;p=36556"},"modified":"2021-09-22T17:10:00","modified_gmt":"2021-09-22T13:10:00","slug":"amenia-tv-noubar-afeyan-et-ruben-vardanyan-resument-les-programmes-de-levenement-de-larmenie-2020-a-larmenie-2041","status":"publish","type":"news-item","link":"https:\/\/futurearmenian.com\/fr\/news\/amenia-tv-noubar-afeyan-et-ruben-vardanyan-resument-les-programmes-de-levenement-de-larmenie-2020-a-larmenie-2041\/","title":{"rendered":"Amenia TV : Noubar Afeyan et Ruben Vardanyan r\u00e9sument les programmes de l&rsquo;\u00e9v\u00e9nement \u00ab\u00a0De l&rsquo;Arm\u00e9nie 2020 \u00e0 l&rsquo;Arm\u00e9nie 2041\u00a0\u00bb."},"content":{"rendered":"<p>Reportage vid\u00e9o d&rsquo;Armenia TV sur l&rsquo;\u00e9v\u00e9nement \u00ab\u00a0De l&rsquo;Arm\u00e9nie 2020 \u00e0 l&rsquo;Arm\u00e9nie 2041\u00a0\u00bb qui s&rsquo;est tenu le 19 septembre \u00e0 Erevan.<\/p>\n<p>La vid\u00e9o est disponible en arm\u00e9nien.<\/p>\n<div class=\"youtubewrapper\"><iframe loading=\"lazy\" title=\"\u0540\u0531\u0545\u0531\u054d\u054f\u0531\u0546 2020-\u053b\u0551 \u0540\u0531\u0545\u0531\u054d\u054f\u0531\u0546 2041. \u0546\u0548\u0552\u0532\u0531\u0550 \u0531\u0556\u0535\u0545\u0531\u0546\u0546 \u0548\u0552 \u054c\u0548\u0552\u0532\u0535\u0546 \u054e\u0531\u0550\u0534\u0531\u0546\u0545\u0531\u0546\u0546 \u0531\u0544\u0553\u0548\u0553\u0535\u053c \u0535\u0546 \u053e\u0550\u0531\u0533\u0550\u0535\u0550\u0538\" width=\"500\" height=\"281\" src=\"https:\/\/www.youtube.com\/embed\/U04oOJMhPbE?feature=oembed\" frameborder=\"0\" allow=\"accelerometer; autoplay; clipboard-write; encrypted-media; gyroscope; picture-in-picture; web-share\" referrerpolicy=\"strict-origin-when-cross-origin\" allowfullscreen><\/iframe><\/div>\n","protected":false},"excerpt":{"rendered":"<p>Reportage vid\u00e9o d&rsquo;Armenia TV sur l&rsquo;\u00e9v\u00e9nement \u00ab\u00a0De l&rsquo;Arm\u00e9nie 2020 \u00e0 l&rsquo;Arm\u00e9nie 2041\u00a0\u00bb qui s&rsquo;est tenu le 19 septembre \u00e0 Erevan. La vid\u00e9o est disponible en arm\u00e9nien.<\/p>\n","protected":false},"featured_media":36550,"template":"","categories":[115],"class_list":["post-36556","news-item","type-news-item","status-publish","has-post-thumbnail","hentry","category-generale"],"acf":{"convention_related":false,"redirect_to_event_url":"","date":"20210922","videos":null,"photos":null},"fimg_url":"https:\/\/futurearmenian.com\/wp-content\/uploads\/2021\/09\/2-2.jpg","_links":{"self":[{"href":"https:\/\/futurearmenian.com\/fr\/wp-json\/wp\/v2\/news\/36556","targetHints":{"allow":["GET"]}}],"collection":[{"href":"https:\/\/futurearmenian.com\/fr\/wp-json\/wp\/v2\/news"}],"about":[{"href":"https:\/\/futurearmenian.com\/fr\/wp-json\/wp\/v2\/types\/news-item"}],"wp:featuredmedia":[{"embeddable":true,"href":"https:\/\/futurearmenian.com\/fr\/wp-json\/wp\/v2\/media\/36550"}],"wp:attachment":[{"href":"https:\/\/futurearmenian.com\/fr\/wp-json\/wp\/v2\/media?parent=36556"}],"wp:term":[{"taxonomy":"category","embeddable":true,"href":"https:\/\/futurearmenian.com\/fr\/wp-json\/wp\/v2\/categories?post=36556"}],"curies":[{"name":"wp","href":"https:\/\/api.w.org\/{rel}","templated":true}]}}